{"id":1882,"date":"2025-08-11T08:30:29","date_gmt":"2025-08-11T08:30:29","guid":{"rendered":"https:\/\/fisiolistic.com\/?p=1882"},"modified":"2025-08-11T08:48:02","modified_gmt":"2025-08-11T08:48:02","slug":"rehabilitacio-recupera-la-teva-mobilitat-i-benestar-amb-fisiolistic","status":"publish","type":"post","link":"https:\/\/fisiolistic.com\/ca\/rehabilitacio-recupera-la-teva-mobilitat-i-benestar-amb-fisiolistic\/","title":{"rendered":"REHABILITACI\u00d3: RECUPERA LA TEVA MOBILITAT I BENESTAR AMB FISIOLISTIC"},"content":{"rendered":"\n<p>A <strong>Fisiolistic<\/strong> sabem que una lesi\u00f3 no nom\u00e9s afecta el teu cos, sin\u00f3 tamb\u00e9 el teu dia a dia, la teva feina i les teves activitats preferides. Per aix\u00f2, el nostre objectiu \u00e9s que recuperis la teva mobilitat i qualitat de vida tan aviat com sigui possible, sempre amb un tractament adaptat a les teves necessitats.<\/p>\n\n\n\n<h2 class=\"wp-block-heading\"><strong>Qu\u00e8 \u00e9s la rehabilitaci\u00f3?<\/strong><\/h2>\n\n\n\n<p>La rehabilitaci\u00f3 \u00e9s un conjunt de t\u00e8cniques i tractaments personalitzats dissenyats per recuperar la funci\u00f3 de m\u00fasculs, articulacions i teixits despr\u00e9s d\u2019una lesi\u00f3, operaci\u00f3 o malaltia. A Fisiolistic apliquem un enfocament global que no nom\u00e9s tracta la zona afectada, sin\u00f3 que tamb\u00e9 treballa la postura, la for\u00e7a i la prevenci\u00f3 de futures mol\u00e8sties.<\/p>\n\n\n\n<h2 class=\"wp-block-heading\"><strong>Beneficis d\u2019una rehabilitaci\u00f3 personalitzada<\/strong><\/h2>\n\n\n\n<ul class=\"wp-block-list\"><li><strong>Recuperaci\u00f3 m\u00e9s r\u00e0pida i segura<\/strong><\/li><li><strong>Reducci\u00f3 del dolor i la inflamaci\u00f3<\/strong><\/li><li><strong>Millora de la for\u00e7a i la mobilitat<\/strong><\/li><li><strong>Prevenci\u00f3 de recaigudes<\/strong><\/li><\/ul>\n\n\n\n<p>Cada persona \u00e9s diferent i, per aix\u00f2, els nostres fisioterapeutes realitzen una valoraci\u00f3 exhaustiva per dissenyar un pla de rehabilitaci\u00f3 adaptat a tu.<\/p>\n\n\n\n<h2 class=\"wp-block-heading\"><strong>Enfocament global a Fisiolistic<\/strong><\/h2>\n\n\n\n<p>Combinen t\u00e8cniques avan\u00e7ades de fisioter\u00e0pia, exercicis terap\u00e8utics i ter\u00e0pia manual amb una visi\u00f3 integradora de la salut. Aix\u00f2 ens permet tractar no nom\u00e9s el s\u00edmptoma, sin\u00f3 tamb\u00e9 la causa del problema, garantint resultats m\u00e9s duradors.<\/p>\n\n\n\n<h2 class=\"wp-block-heading\"><strong>Casos en qu\u00e8 la rehabilitaci\u00f3 \u00e9s clau<\/strong><\/h2>\n\n\n\n<ul class=\"wp-block-list\"><li>Recuperaci\u00f3 postquir\u00fargica<\/li><li>Lesions esportives<\/li><li>Dolor cr\u00f2nic o agut<\/li><li>Problemes de mobilitat per envelliment<\/li><li>Seq\u00fceles d\u2019accidents<\/li><\/ul>\n\n\n\n<h2 class=\"wp-block-heading\"><strong>Comen\u00e7a avui la teva recuperaci\u00f3<\/strong><\/h2>\n\n\n\n<p>No permetis que una lesi\u00f3 limiti la teva vida. A <strong>Fisiolistic<\/strong> t\u2019acompanyem pas a pas en el teu proc\u00e9s de rehabilitaci\u00f3 perqu\u00e8 tornis a moure\u2019t sense dolor i amb confian\u00e7a.<\/p>\n\n\n\n<p>\ud83d\udcde <strong><a href=\"https:\/\/fisiolistic.com\/ca\/contacte\/\" title=\"\">Demana la teva cita ara<\/a><\/strong> i fes el primer pas cap a la teva recuperaci\u00f3.<\/p>\n","protected":false},"excerpt":{"rendered":"<p>A Fisiolistic sabem que una lesi\u00f3 no nom\u00e9s afecta el teu cos, sin\u00f3 tamb\u00e9 el teu dia a dia, la teva feina i les teves activitats preferides. Per aix\u00f2, el nostre objectiu \u00e9s que recuperis la teva mobilitat i qualitat de vida tan aviat com sigui possible, sempre amb un tractament adaptat a les teves [&hellip;]<\/p>\n","protected":false},"author":1,"featured_media":1887,"comment_status":"closed","ping_status":"closed","sticky":false,"template":"","format":"standard","meta":{"_et_pb_use_builder":"off","_et_pb_old_content":"","_et_gb_content_width":"","footnotes":""},"categories":[29,7],"tags":[],"class_list":["post-1882","post","type-post","status-publish","format-standard","has-post-thumbnail","hentry","category-rehabilitacio","category-sense-categoria"],"aioseo_notices":[],"_links":{"self":[{"href":"https:\/\/fisiolistic.com\/ca\/wp-json\/wp\/v2\/posts\/1882","targetHints":{"allow":["GET"]}}],"collection":[{"href":"https:\/\/fisiolistic.com\/ca\/wp-json\/wp\/v2\/posts"}],"about":[{"href":"https:\/\/fisiolistic.com\/ca\/wp-json\/wp\/v2\/types\/post"}],"author":[{"embeddable":true,"href":"https:\/\/fisiolistic.com\/ca\/wp-json\/wp\/v2\/users\/1"}],"replies":[{"embeddable":true,"href":"https:\/\/fisiolistic.com\/ca\/wp-json\/wp\/v2\/comments?post=1882"}],"version-history":[{"count":1,"href":"https:\/\/fisiolistic.com\/ca\/wp-json\/wp\/v2\/posts\/1882\/revisions"}],"predecessor-version":[{"id":1883,"href":"https:\/\/fisiolistic.com\/ca\/wp-json\/wp\/v2\/posts\/1882\/revisions\/1883"}],"wp:featuredmedia":[{"embeddable":true,"href":"https:\/\/fisiolistic.com\/ca\/wp-json\/wp\/v2\/media\/1887"}],"wp:attachment":[{"href":"https:\/\/fisiolistic.com\/ca\/wp-json\/wp\/v2\/media?parent=1882"}],"wp:term":[{"taxonomy":"category","embeddable":true,"href":"https:\/\/fisiolistic.com\/ca\/wp-json\/wp\/v2\/categories?post=1882"},{"taxonomy":"post_tag","embeddable":true,"href":"https:\/\/fisiolistic.com\/ca\/wp-json\/wp\/v2\/tags?post=1882"}],"curies":[{"name":"wp","href":"https:\/\/api.w.org\/{rel}","templated":true}]}}