{"id":1856,"date":"2025-07-07T07:29:37","date_gmt":"2025-07-07T07:29:37","guid":{"rendered":"https:\/\/fisiolistic.com\/?p=1856"},"modified":"2025-07-07T07:29:37","modified_gmt":"2025-07-07T07:29:37","slug":"com-ajuda-la-fisioterapia-respiratoria-a-millorar-la-teva-qualitat-de-vida","status":"publish","type":"post","link":"https:\/\/fisiolistic.com\/ca\/com-ajuda-la-fisioterapia-respiratoria-a-millorar-la-teva-qualitat-de-vida\/","title":{"rendered":"COM AJUDA LA FISIOTER\u00c0PIA RESPIRAT\u00d2RIA A MILLORAR LA TEVA QUALITAT DE VIDA?"},"content":{"rendered":"\n<h2 class=\"wp-block-heading\">Qu\u00e8 \u00e9s la fisioter\u00e0pia respirat\u00f2ria?<\/h2>\n\n\n\n<p>La fisioter\u00e0pia respirat\u00f2ria \u00e9s una especialitat dins la fisioter\u00e0pia que se centra a millorar la funci\u00f3 pulmonar, facilitar l\u2019eliminaci\u00f3 de secrecions, augmentar la capacitat pulmonar i optimitzar la qualitat de vida de les persones amb afeccions respirat\u00f2ries.<\/p>\n\n\n\n<p>Es tracta d\u2019una disciplina amb base cient\u00edfica que <strong>no substitueix els tractaments m\u00e8dics<\/strong>, sin\u00f3 que els complementa de forma efica\u00e7.<\/p>\n\n\n\n<h2 class=\"wp-block-heading\">A qui va dirigida?<\/h2>\n\n\n\n<p>Aquest tipus de fisioter\u00e0pia pot beneficiar persones amb:<\/p>\n\n\n\n<ul class=\"wp-block-list\"><li>Patologies respirat\u00f2ries agudes, com bronquitis, rinitis, congesti\u00f3 nasal o al\u00b7l\u00e8rgies respirat\u00f2ries.<\/li><li>Malalties respirat\u00f2ries cr\u00f2niques, com EPOC (malaltia pulmonar obstructiva cr\u00f2nica), asma, hipertensi\u00f3 pulmonar o fibrosi qu\u00edstica.<\/li><li>Alguns casos d\u2019apnees del son.<\/li><li>Persones grans o amb mobilitat redu\u00efda que hagin perdut capacitat pulmonar.<\/li><li>Esportistes que volen optimitzar la seva respiraci\u00f3.<\/li><\/ul>\n\n\n\n<h2 class=\"wp-block-heading\">Quins beneficis t\u00e9?<\/h2>\n\n\n\n<p>Els beneficis m\u00e9s freq\u00fcents de la fisioter\u00e0pia respirat\u00f2ria inclouen:<\/p>\n\n\n\n<ul class=\"wp-block-list\"><li>Millora del patr\u00f3 respiratori.<\/li><li>Disminuci\u00f3 de la sensaci\u00f3 d\u2019ofec o dispnea.<\/li><li>Reducci\u00f3 de la tos productiva i de la congesti\u00f3.<\/li><li>Augment del volum pulmonar i de l\u2019oxigenaci\u00f3.<\/li><li>Prevenci\u00f3 d\u2019infeccions respirat\u00f2ries recurrents.<\/li><li>Major capacitat f\u00edsica i millor qualitat del son.<\/li><\/ul>\n\n\n\n<h2 class=\"wp-block-heading\">T\u00e8cniques que s\u2019apliquen<\/h2>\n\n\n\n<p>Existeixen diferents t\u00e8cniques que el fisioterapeuta especialitzat pot aplicar, segons cada cas:<\/p>\n\n\n\n<p><strong>\ud83c\udf00 Nebulitzaci\u00f3 ultras\u00f2nica<\/strong><br>L\u2019\u00fas de nebulitzadors ultras\u00f2nics permet que el vapor arribi fins als bronqu\u00edols m\u00e9s petits, facilitant la fluidificaci\u00f3 i eliminaci\u00f3 del moc.<\/p>\n\n\n\n<p><strong>\ud83d\udc43 Higiene nasal<\/strong><br>La neteja adequada de les vies nasals \u00e9s la base per a una bona respiraci\u00f3. S\u2019ensenyen protocols adaptats al pacient, tant en adults com en infants<\/p>\n\n\n\n<p><strong>\ud83e\uddd8 Exercicis respiratoris<\/strong><br>S\u2019apliquen exercicis com:<\/p>\n\n\n\n<ul class=\"wp-block-list\"><li>M\u00e8tode Buteyko per al control del ritme respiratori.<\/li><li>Augment del volum pulmonar.<\/li><li>Enfortiment de la musculatura respirat\u00f2ria.<\/li><\/ul>\n\n\n\n<p><strong>\ud83d\udca8 Drenatge bronquial guiat per auscultaci\u00f3<\/strong><br>Amb t\u00e8cniques actualitzades i personalitzades, com la modulaci\u00f3 del flux espiratori i dispositius de pressi\u00f3 positiva vibrat\u00f2ria.<\/p>\n\n\n\n<p><strong>\ud83c\udfcb\ufe0f\u200d\u2642\ufe0f Reeducaci\u00f3 f\u00edsica i gimn\u00e0stica respirat\u00f2ria<\/strong><br>Entrenament suau per millorar la resist\u00e8ncia i la toler\u00e0ncia a l\u2019esfor\u00e7 en persones amb limitaci\u00f3 respirat\u00f2ria<\/p>\n\n\n\n<p><strong>\ud83d\udc86 Ter\u00e0pia miofascial<\/strong><br>Aplicaci\u00f3 manual sobre la musculatura inspirat\u00f2ria i estructures implicades en la respiraci\u00f3 per alleujar tensions i millorar el moviment tor\u00e0cic.<\/p>\n\n\n\n<h2 class=\"wp-block-heading\">Conclusi\u00f3<\/h2>\n\n\n\n<p>La fisioter\u00e0pia respirat\u00f2ria <strong>no nom\u00e9s tracta malalties<\/strong>, sin\u00f3 que ensenya a respirar millor, millora la qualitat de vida i ajuda a prevenir complicacions. Si convius amb algun problema respiratori o vols saber-ne m\u00e9s, informar-te \u00e9s el primer pas per respirar millor.<\/p>\n\n\n\n<p>\ud83d\udd17 <strong>Vols saber com seria una sessi\u00f3 personalitzada de fisioter\u00e0pia respirat\u00f2ria?<\/strong><br>Consulta <a href=\"https:\/\/fisiolistic.com\/ca\/fisioterapia-respiratoria\/\" title=\"\">el servei especialitzat de <strong>Fisioter\u00e0pia Respirat\u00f2ria a Fisiolistic<\/strong>.<\/a><\/p>\n\n\n\n<p><\/p>\n","protected":false},"excerpt":{"rendered":"<p>Qu\u00e8 \u00e9s la fisioter\u00e0pia respirat\u00f2ria? La fisioter\u00e0pia respirat\u00f2ria \u00e9s una especialitat dins la fisioter\u00e0pia que se centra a millorar la funci\u00f3 pulmonar, facilitar l\u2019eliminaci\u00f3 de secrecions, augmentar la capacitat pulmonar i optimitzar la qualitat de vida de les persones amb afeccions respirat\u00f2ries. Es tracta d\u2019una disciplina amb base cient\u00edfica que no substitueix els tractaments m\u00e8dics, [&hellip;]<\/p>\n","protected":false},"author":1,"featured_media":1847,"comment_status":"closed","ping_status":"closed","sticky":false,"template":"","format":"standard","meta":{"_et_pb_use_builder":"off","_et_pb_old_content":"","_et_gb_content_width":"","footnotes":""},"categories":[7],"tags":[],"class_list":["post-1856","post","type-post","status-publish","format-standard","has-post-thumbnail","hentry","category-sense-categoria"],"aioseo_notices":[],"_links":{"self":[{"href":"https:\/\/fisiolistic.com\/ca\/wp-json\/wp\/v2\/posts\/1856","targetHints":{"allow":["GET"]}}],"collection":[{"href":"https:\/\/fisiolistic.com\/ca\/wp-json\/wp\/v2\/posts"}],"about":[{"href":"https:\/\/fisiolistic.com\/ca\/wp-json\/wp\/v2\/types\/post"}],"author":[{"embeddable":true,"href":"https:\/\/fisiolistic.com\/ca\/wp-json\/wp\/v2\/users\/1"}],"replies":[{"embeddable":true,"href":"https:\/\/fisiolistic.com\/ca\/wp-json\/wp\/v2\/comments?post=1856"}],"version-history":[{"count":1,"href":"https:\/\/fisiolistic.com\/ca\/wp-json\/wp\/v2\/posts\/1856\/revisions"}],"predecessor-version":[{"id":1857,"href":"https:\/\/fisiolistic.com\/ca\/wp-json\/wp\/v2\/posts\/1856\/revisions\/1857"}],"wp:featuredmedia":[{"embeddable":true,"href":"https:\/\/fisiolistic.com\/ca\/wp-json\/wp\/v2\/media\/1847"}],"wp:attachment":[{"href":"https:\/\/fisiolistic.com\/ca\/wp-json\/wp\/v2\/media?parent=1856"}],"wp:term":[{"taxonomy":"category","embeddable":true,"href":"https:\/\/fisiolistic.com\/ca\/wp-json\/wp\/v2\/categories?post=1856"},{"taxonomy":"post_tag","embeddable":true,"href":"https:\/\/fisiolistic.com\/ca\/wp-json\/wp\/v2\/tags?post=1856"}],"curies":[{"name":"wp","href":"https:\/\/api.w.org\/{rel}","templated":true}]}}